{"id":752,"date":"2023-04-07T18:51:37","date_gmt":"2023-04-07T16:51:37","guid":{"rendered":"https:\/\/profisvatba.cz\/blog\/?p=752"},"modified":"2023-04-07T18:51:37","modified_gmt":"2023-04-07T16:51:37","slug":"jak-by-se-mel-spravny-fotograf-chovat-na-svatbe","status":"publish","type":"post","link":"https:\/\/svatebnitrh.cz\/blog\/jak-by-se-mel-spravny-fotograf-chovat-na-svatbe\/","title":{"rendered":"Jak by se m\u011bl spr\u00e1vn\u00fd fotograf chovat na svatb\u011b?"},"content":{"rendered":"\n<p>Spr\u00e1vn\u00fd svatebn\u00ed fotograf by m\u011bl m\u00edt profesion\u00e1ln\u00ed p\u0159\u00edstup a p\u0159izp\u016fsobit se v\u0161em situac\u00edm a lidem na svatb\u011b. Zde jsou n\u011bkter\u00e9 z\u00e1kladn\u00ed aspekty, kter\u00e9 by m\u011bl fotograf dodr\u017eovat:<\/p>\n\n\n\n<ol class=\"wp-block-list\">\n<li>Komunikace &#8211; Fotograf by m\u011bl b\u00fdt schopen komunikovat s novoman\u017eely a s hosty a sna\u017eit se pochopit jejich pot\u0159eby a p\u0159\u00e1n\u00ed.<\/li>\n\n\n\n<li>Pl\u00e1nov\u00e1n\u00ed &#8211; Fotograf by m\u011bl b\u00fdt schopen pl\u00e1novat a organizovat sv\u00e9 fotografov\u00e1n\u00ed tak, aby zajistil, \u017ee nedojde k propasti n\u011bkter\u00fdch v\u00fdznamn\u00fdch okam\u017eik\u016f.<\/li>\n\n\n\n<li>P\u0159izp\u016fsobivost &#8211; Fotograf by m\u011bl b\u00fdt schopen p\u0159izp\u016fsobit se r\u016fzn\u00fdm situac\u00edm, v\u010detn\u011b r\u016fzn\u00fdch sv\u011bteln\u00fdch podm\u00ednek, r\u016fzn\u00fdch prostor a po\u010dtu host\u016f.<\/li>\n\n\n\n<li>Diskr\u00e9tnost &#8211; Fotograf by m\u011bl b\u00fdt schopen zachytit d\u016fle\u017eit\u00e9 okam\u017eiky svatby, ani\u017e by ru\u0161il pr\u016fb\u011bh ud\u00e1losti nebo hosty.<\/li>\n\n\n\n<li>Kreativita &#8211; Fotograf by m\u011bl b\u00fdt schopen p\u0159in\u00e9st n\u011bco kreativn\u00edho a origin\u00e1ln\u00edho do sv\u00e9 pr\u00e1ce, aby v\u00fdsledn\u00e9 fotografie byly unik\u00e1tn\u00ed a osobit\u00e9.<\/li>\n\n\n\n<li>Profesion\u00e1ln\u00ed vybaven\u00ed &#8211; Fotograf by m\u011bl m\u00edt kvalitn\u00ed profesion\u00e1ln\u00ed fotoapar\u00e1t a dal\u0161\u00ed vybaven\u00ed, aby zajistil, \u017ee v\u00fdsledn\u00e9 fotografie budou kvalitn\u00ed.<\/li>\n\n\n\n<li>Dohled &#8211; Fotograf by m\u011bl b\u00fdt schopen dohl\u00e9dnout na to, aby byly zachyceny d\u016fle\u017eit\u00e9 momenty, jako jsou nap\u0159\u00edklad \u0159e\u010di, v\u00fdm\u011bna prst\u00fdnk\u016f nebo tanec novoman\u017eel\u016f.<\/li>\n\n\n\n<li>P\u0159edstih &#8211; Fotograf by m\u011bl b\u00fdt p\u0159ipraven a na m\u00edst\u011b s dostate\u010dn\u00fdm p\u0159edstihem, aby se mohl dob\u0159e p\u0159ipravit a nastavit sv\u00e9 vybaven\u00ed p\u0159ed za\u010d\u00e1tkem svatebn\u00edho dne.<\/li>\n\n\n\n<li>Spolehlivost &#8211; Fotograf by m\u011bl b\u00fdt spolehliv\u00fd a dodr\u017eovat sv\u00e9 z\u00e1vazky, jako jsou nap\u0159\u00edklad dod\u00e1n\u00ed v\u00fdsledn\u00fdch fotografi\u00ed v\u010das.<\/li>\n\n\n\n<li>Empatie &#8211; Fotograf by m\u011bl b\u00fdt schopen empatie a porozum\u011bn\u00ed, aby mohl zachytit d\u016fle\u017eit\u00e9 okam\u017eiky a v\u00fdrazy, kter\u00e9 vyjad\u0159uj\u00ed emoce novoman\u017eel\u016f a host\u016f.<\/li>\n<\/ol>\n","protected":false},"excerpt":{"rendered":"<p>Spr\u00e1vn\u00fd svatebn\u00ed fotograf by m\u011bl m\u00edt profesion\u00e1ln\u00ed p\u0159\u00edstup a p\u0159izp\u016fsobit se v\u0161em situac\u00edm a lidem na&#8230;<\/p>\n","protected":false},"author":1,"featured_media":0,"comment_status":"open","ping_status":"open","sticky":false,"template":"","format":"standard","meta":{"_kadence_starter_templates_imported_post":false,"_kad_post_transparent":"","_kad_post_title":"","_kad_post_layout":"","_kad_post_sidebar_id":"","_kad_post_content_style":"","_kad_post_vertical_padding":"","_kad_post_feature":"","_kad_post_feature_position":"","_kad_post_header":false,"_kad_post_footer":false,"footnotes":""},"categories":[7],"tags":[],"class_list":["post-752","post","type-post","status-publish","format-standard","hentry","category-fotograf"],"_links":{"self":[{"href":"https:\/\/svatebnitrh.cz\/blog\/wp-json\/wp\/v2\/posts\/752","targetHints":{"allow":["GET"]}}],"collection":[{"href":"https:\/\/svatebnitrh.cz\/blog\/wp-json\/wp\/v2\/posts"}],"about":[{"href":"https:\/\/svatebnitrh.cz\/blog\/wp-json\/wp\/v2\/types\/post"}],"author":[{"embeddable":true,"href":"https:\/\/svatebnitrh.cz\/blog\/wp-json\/wp\/v2\/users\/1"}],"replies":[{"embeddable":true,"href":"https:\/\/svatebnitrh.cz\/blog\/wp-json\/wp\/v2\/comments?post=752"}],"version-history":[{"count":1,"href":"https:\/\/svatebnitrh.cz\/blog\/wp-json\/wp\/v2\/posts\/752\/revisions"}],"predecessor-version":[{"id":753,"href":"https:\/\/svatebnitrh.cz\/blog\/wp-json\/wp\/v2\/posts\/752\/revisions\/753"}],"wp:attachment":[{"href":"https:\/\/svatebnitrh.cz\/blog\/wp-json\/wp\/v2\/media?parent=752"}],"wp:term":[{"taxonomy":"category","embeddable":true,"href":"https:\/\/svatebnitrh.cz\/blog\/wp-json\/wp\/v2\/categories?post=752"},{"taxonomy":"post_tag","embeddable":true,"href":"https:\/\/svatebnitrh.cz\/blog\/wp-json\/wp\/v2\/tags?post=752"}],"curies":[{"name":"wp","href":"https:\/\/api.w.org\/{rel}","templated":true}]}}