{"id":740,"date":"2023-04-07T18:48:31","date_gmt":"2023-04-07T16:48:31","guid":{"rendered":"https:\/\/profisvatba.cz\/blog\/?p=740"},"modified":"2023-04-07T18:48:31","modified_gmt":"2023-04-07T16:48:31","slug":"co-se-muze-stat-kdyz-si-na-svatbu-vezmu-amaterskeho-fotografa","status":"publish","type":"post","link":"https:\/\/svatebnitrh.cz\/blog\/co-se-muze-stat-kdyz-si-na-svatbu-vezmu-amaterskeho-fotografa\/","title":{"rendered":"Co se m\u016f\u017ee st\u00e1t, kdy\u017e si na svatbu vezmu amat\u00e9rsk\u00e9ho fotografa?"},"content":{"rendered":"\n<p>Pokud si na svatbu vezmete amat\u00e9rsk\u00e9ho fotografa, m\u016f\u017ee se st\u00e1t \u0159ada v\u011bc\u00ed, kter\u00e9 by mohly negativn\u011b ovlivnit v\u00fdsledky fotografi\u00ed a zp\u016fsobit zklam\u00e1n\u00ed.<\/p>\n\n\n\n<ol class=\"wp-block-list\">\n<li>Fotografie nemus\u00ed b\u00fdt kvalitn\u00ed: Amat\u00e9rsk\u00fd fotograf nemus\u00ed m\u00edt pot\u0159ebn\u00e9 vybaven\u00ed nebo zku\u0161enosti, aby zajistil vysokou kvalitu fotografi\u00ed.<\/li>\n\n\n\n<li>Fotografick\u00e9 chyby: Amat\u00e9rsk\u00fd fotograf m\u016f\u017ee d\u011blat chyby p\u0159i fotografov\u00e1n\u00ed, jako je \u0161patn\u00e1 expozice, nevhodn\u00e9 ost\u0159en\u00ed nebo nepoveden\u00e9 kompozice.<\/li>\n\n\n\n<li>Chyb\u011bj\u00edc\u00ed momenty: Amat\u00e9rsk\u00fd fotograf nemus\u00ed b\u00fdt dostate\u010dn\u011b zku\u0161en\u00fd, aby zachytil v\u0161echny d\u016fle\u017eit\u00e9 okam\u017eiky va\u0161\u00ed svatby.<\/li>\n\n\n\n<li>Neprofesion\u00e1ln\u00ed p\u0159\u00edstup: Amat\u00e9rsk\u00fd fotograf nemus\u00ed b\u00fdt dostate\u010dn\u011b profesion\u00e1ln\u00ed, aby se \u0159\u00eddil harmonogramem va\u0161\u00ed svatby a mohl zp\u016fsobit zpo\u017ed\u011bn\u00ed.<\/li>\n\n\n\n<li>Ztr\u00e1ta fotografi\u00ed: Amat\u00e9rsk\u00fd fotograf m\u016f\u017ee ztratit fotografie nebo je po\u0161kodit, co\u017e m\u016f\u017ee znamenat ztr\u00e1tu vzpom\u00ednek na celou ud\u00e1lost.<\/li>\n\n\n\n<li>N\u00edzk\u00e1 \u00farove\u0148 retu\u0161e: Amat\u00e9rsk\u00fd fotograf nemus\u00ed b\u00fdt dostate\u010dn\u011b zku\u0161en\u00fd v \u00faprav\u00e1ch a retu\u0161\u00ed fotografi\u00ed, co\u017e m\u016f\u017ee znamenat, \u017ee v\u00fdsledn\u00e9 fotografie nebudou vypadat tak dob\u0159e, jak by m\u011bly.<\/li>\n\n\n\n<li>Neprofesion\u00e1ln\u00ed prezentace: Amat\u00e9rsk\u00fd fotograf nemus\u00ed m\u00edt dostate\u010dn\u00e9 zku\u0161enosti s tiskem a prezentac\u00ed fotografi\u00ed, co\u017e m\u016f\u017ee v\u00e9st k neuspokojiv\u00e9mu v\u00fdsledku.<\/li>\n\n\n\n<li>Potenci\u00e1ln\u00ed konflikt z jin\u00fdmi dodavateli: Amat\u00e9rsk\u00fd fotograf nemus\u00ed b\u00fdt zvykl\u00fd spolupracovat s jin\u00fdmi dodavateli, co\u017e m\u016f\u017ee v\u00e9st k potenci\u00e1ln\u00edm konflikt\u016fm.<\/li>\n<\/ol>\n\n\n\n<p>Celkov\u011b je d\u016fle\u017eit\u00e9 si uv\u011bdomit, \u017ee svatba je jedine\u010dn\u00e1 ud\u00e1lost a \u017ee zachycen\u00ed t\u011bchto vzpom\u00ednek by m\u011blo b\u00fdt v rukou zku\u0161en\u00e9ho a profesion\u00e1ln\u00edho fotografa. Pokud si tedy chcete b\u00fdt jisti kvalitou fotografi\u00ed a celkov\u00fdm pr\u016fb\u011bhem focen\u00ed, je lep\u0161\u00ed se spol\u00e9hat na zku\u0161en\u00e9ho a profesion\u00e1ln\u00edho fotografa, kter\u00fd m\u00e1 pot\u0159ebn\u00e9 vybaven\u00ed a zku\u0161enosti k zachycen\u00ed nezapomenuteln\u00fdch okam\u017eik\u016f.<\/p>\n","protected":false},"excerpt":{"rendered":"<p>Pokud si na svatbu vezmete amat\u00e9rsk\u00e9ho fotografa, m\u016f\u017ee se st\u00e1t \u0159ada v\u011bc\u00ed, kter\u00e9 by mohly negativn\u011b&#8230;<\/p>\n","protected":false},"author":1,"featured_media":0,"comment_status":"open","ping_status":"open","sticky":false,"template":"","format":"standard","meta":{"_kadence_starter_templates_imported_post":false,"_kad_post_transparent":"","_kad_post_title":"","_kad_post_layout":"","_kad_post_sidebar_id":"","_kad_post_content_style":"","_kad_post_vertical_padding":"","_kad_post_feature":"","_kad_post_feature_position":"","_kad_post_header":false,"_kad_post_footer":false,"footnotes":""},"categories":[7],"tags":[],"class_list":["post-740","post","type-post","status-publish","format-standard","hentry","category-fotograf"],"_links":{"self":[{"href":"https:\/\/svatebnitrh.cz\/blog\/wp-json\/wp\/v2\/posts\/740","targetHints":{"allow":["GET"]}}],"collection":[{"href":"https:\/\/svatebnitrh.cz\/blog\/wp-json\/wp\/v2\/posts"}],"about":[{"href":"https:\/\/svatebnitrh.cz\/blog\/wp-json\/wp\/v2\/types\/post"}],"author":[{"embeddable":true,"href":"https:\/\/svatebnitrh.cz\/blog\/wp-json\/wp\/v2\/users\/1"}],"replies":[{"embeddable":true,"href":"https:\/\/svatebnitrh.cz\/blog\/wp-json\/wp\/v2\/comments?post=740"}],"version-history":[{"count":1,"href":"https:\/\/svatebnitrh.cz\/blog\/wp-json\/wp\/v2\/posts\/740\/revisions"}],"predecessor-version":[{"id":741,"href":"https:\/\/svatebnitrh.cz\/blog\/wp-json\/wp\/v2\/posts\/740\/revisions\/741"}],"wp:attachment":[{"href":"https:\/\/svatebnitrh.cz\/blog\/wp-json\/wp\/v2\/media?parent=740"}],"wp:term":[{"taxonomy":"category","embeddable":true,"href":"https:\/\/svatebnitrh.cz\/blog\/wp-json\/wp\/v2\/categories?post=740"},{"taxonomy":"post_tag","embeddable":true,"href":"https:\/\/svatebnitrh.cz\/blog\/wp-json\/wp\/v2\/tags?post=740"}],"curies":[{"name":"wp","href":"https:\/\/api.w.org\/{rel}","templated":true}]}}