{"id":710,"date":"2023-03-07T10:07:40","date_gmt":"2023-03-07T09:07:40","guid":{"rendered":"http:\/\/profisvatba.cz\/blog\/?p=710"},"modified":"2023-03-07T10:17:03","modified_gmt":"2023-03-07T09:17:03","slug":"jak-vybrat-fotografa-na-svatbu","status":"publish","type":"post","link":"https:\/\/svatebnitrh.cz\/blog\/jak-vybrat-fotografa-na-svatbu\/","title":{"rendered":"Jak vybrat fotografa na svatbu"},"content":{"rendered":"\n<p>Svatba je jedn\u00edm z nejv\u00fdznamn\u011bj\u0161\u00edch dn\u016f v \u017eivot\u011b, a proto je d\u016fle\u017eit\u00e9 m\u00edt kvalitn\u00ed fotografie, kter\u00e9 v\u00e1m pomohou uchovat si vzpom\u00ednky na tento den na cel\u00fd \u017eivot. V\u00fdb\u011br spr\u00e1vn\u00e9ho fotografa m\u016f\u017ee b\u00fdt n\u00e1ro\u010dn\u00fd, ale n\u00e1sleduj\u00edc\u00edch 10 tip\u016f v\u00e1m pomohou naj\u00edt toho prav\u00e9ho.<\/p>\n\n\n\n<h2 class=\"wp-block-heading\">Za\u010dn\u011bte hledat fotografa co nejd\u0159\u00edve<\/h2>\n\n\n\n<p>Je d\u016fle\u017eit\u00e9 za\u010d\u00edt hledat fotografa s dostate\u010dn\u00fdm p\u0159edstihem, nejl\u00e9pe rok nebo dva p\u0159ed svatbou. T\u00edm se ujist\u00edte, \u017ee budete m\u00edt dostatek \u010dasu na v\u00fdb\u011br a rozhodov\u00e1n\u00ed.<\/p>\n\n\n\n<h2 class=\"wp-block-heading\">Prozkoumejte r\u016fzn\u00e9 styly fotografi\u00ed<\/h2>\n\n\n\n<p>Ka\u017ed\u00fd fotograf m\u00e1 sv\u016fj vlastn\u00ed styl a estetiku, proto je d\u016fle\u017eit\u00e9 prozkoumat r\u016fzn\u00e9 styly fotografi\u00ed, abyste zjistili, kter\u00fd styl v\u00e1m nejv\u00edce vyhovuje. M\u016f\u017eete se inspirovat na internetu, v knih\u00e1ch nebo \u010dasopisech.<\/p>\n\n\n\n<h2 class=\"wp-block-heading\">Zkuste naj\u00edt fotografa doporu\u010den\u00e9ho od zn\u00e1m\u00fdch<\/h2>\n\n\n\n<p>Zept\u00e1n\u00ed se sv\u00fdch p\u0159\u00e1tel a rodiny, kte\u0159\u00ed u\u017e si svatebn\u00edho fotografa vybrali, m\u016f\u017ee b\u00fdt u\u017eite\u010dn\u00e9. Doporu\u010den\u00ed od zn\u00e1m\u00fdch m\u016f\u017ee b\u00fdt velmi cenn\u00e9, proto\u017ee z\u00edsk\u00e1te re\u00e1ln\u00e9 zku\u0161enosti a n\u00e1zory.<\/p>\n\n\n\n<h2 class=\"wp-block-heading\">Prohl\u00e9dn\u011bte si portfolio fotografa<\/h2>\n\n\n\n<p>Kdy\u017e najdete n\u011bkolik fotograf\u016f, kte\u0159\u00ed v\u00e1s zaujmou, prohl\u00e9dn\u011bte si jejich portfolio. D\u016fle\u017eit\u00e9 je, aby se v\u00e1m l\u00edbily jejich pr\u00e1ce a aby v\u00e1m jejich styl vyhovoval.<\/p>\n\n\n\n<h2 class=\"wp-block-heading\">Setk\u00e1n\u00ed s fotografem<\/h2>\n\n\n\n<p>Je d\u016fle\u017eit\u00e9 setkat se s fotografem osobn\u011b, aby jste si mohli vytvo\u0159it obr\u00e1zek o jeho p\u0159\u00edstupu a komunikaci. Je tak\u00e9 dobr\u00e9 se zeptat na ceny a co zahrnuj\u00ed jeho slu\u017eby.<\/p>\n\n\n\n<h2 class=\"wp-block-heading\">Zajist\u011bte si reference<\/h2>\n\n\n\n<p>Je d\u016fle\u017eit\u00e9 z\u00edskat referen\u010dn\u00ed list od fotografa, aby jste m\u011bli p\u0159ehled o jeho zku\u0161enostech a kvalit\u011b jeho pr\u00e1ce.<\/p>\n\n\n\n<h2 class=\"wp-block-heading\">Zeptejte se na technick\u00e9 vybaven\u00ed<\/h2>\n\n\n\n<p>Je d\u016fle\u017eit\u00e9 zjistit, jak\u00e9 technick\u00e9 vybaven\u00ed fotograf pou\u017e\u00edv\u00e1, aby jste si byli jisti, \u017ee je schopen zajistit kvalitn\u00ed fotografie i za obt\u00ed\u017en\u00fdch sv\u011bteln\u00fdch podm\u00ednek.<\/p>\n\n\n\n<h2 class=\"wp-block-heading\">Zajist\u011bte si smlouvu<\/h2>\n\n\n\n<p>Je d\u016fle\u017eit\u00e9 m\u00edt s fotografem smlouvu, kter\u00e1 specifikuje podm\u00ednky a obsah jeho slu\u017eeb. Smlouva by m\u011bla obsahovat cenu, datum a \u010das fotografov\u00e1n\u00ed, po\u010det fotografi\u00ed, kter\u00e9 budou poskytnuty, a dal\u0161\u00ed d\u016fle\u017eit\u00e9 podrobnosti.<\/p>\n\n\n\n<h2 class=\"wp-block-heading\">Zajist\u011bte si druh\u00e9ho fotografa<\/h2>\n\n\n\n<p>Je dobr\u00e9 zva\u017eovat i mo\u017enost druh\u00e9ho fotografa, aby bylo zaji\u0161t\u011bno, \u017ee nezme\u0161k\u00e1te \u017e\u00e1dn\u00e9 d\u016fle\u017eit\u00e9 okam\u017eiky. Tak\u00e9 v\u00e1m to m\u016f\u017ee poskytnout v\u00edce mo\u017enost\u00ed, jak\u00e9 momenty zachytit.<\/p>\n\n\n\n<h2 class=\"wp-block-heading\">D\u016fv\u011b\u0159ujte sv\u00e9mu instinktu<\/h2>\n\n\n\n<p>Pokud m\u00e1te pocit, \u017ee s fotografovi nesed\u00edte, i kdy\u017e jeho pr\u00e1ce vypad\u00e1 dob\u0159e, m\u011bli byste d\u016fv\u011b\u0159ovat sv\u00e9mu instinktu. Vyberte si fotografa, s kter\u00fdm se c\u00edt\u00edte pohodln\u011b a kde m\u00e1te pocit, \u017ee bude schopen zachytit va\u0161e v\u00fdjime\u010dn\u00e9 momenty.<\/p>\n\n\n\n<p>Celkov\u011b je d\u016fle\u017eit\u00e9 naj\u00edt fotografa, kter\u00fd se dok\u00e1\u017ee p\u0159izp\u016fsobit va\u0161im pot\u0159eb\u00e1m a stylu svatby. Dobr\u00fd svatebn\u00ed fotograf v\u00e1m pom\u016f\u017ee uchovat si vzpom\u00ednky na tento den na cel\u00fd \u017eivot. Sledov\u00e1n\u00ed t\u011bchto tip\u016f by v\u00e1m m\u011blo pomoci naj\u00edt toho prav\u00e9ho fotografa pro v\u00e1\u0161 speci\u00e1ln\u00ed den.<\/p>\n","protected":false},"excerpt":{"rendered":"<p>Svatba je jedn\u00edm z nejv\u00fdznamn\u011bj\u0161\u00edch dn\u016f v \u017eivot\u011b, a proto je d\u016fle\u017eit\u00e9 m\u00edt kvalitn\u00ed fotografie, kter\u00e9&#8230;<\/p>\n","protected":false},"author":1,"featured_media":0,"comment_status":"open","ping_status":"open","sticky":false,"template":"","format":"standard","meta":{"_kadence_starter_templates_imported_post":false,"_kad_post_transparent":"","_kad_post_title":"","_kad_post_layout":"","_kad_post_sidebar_id":"","_kad_post_content_style":"","_kad_post_vertical_padding":"","_kad_post_feature":"","_kad_post_feature_position":"","_kad_post_header":false,"_kad_post_footer":false,"footnotes":""},"categories":[7],"tags":[],"class_list":["post-710","post","type-post","status-publish","format-standard","hentry","category-fotograf"],"_links":{"self":[{"href":"https:\/\/svatebnitrh.cz\/blog\/wp-json\/wp\/v2\/posts\/710","targetHints":{"allow":["GET"]}}],"collection":[{"href":"https:\/\/svatebnitrh.cz\/blog\/wp-json\/wp\/v2\/posts"}],"about":[{"href":"https:\/\/svatebnitrh.cz\/blog\/wp-json\/wp\/v2\/types\/post"}],"author":[{"embeddable":true,"href":"https:\/\/svatebnitrh.cz\/blog\/wp-json\/wp\/v2\/users\/1"}],"replies":[{"embeddable":true,"href":"https:\/\/svatebnitrh.cz\/blog\/wp-json\/wp\/v2\/comments?post=710"}],"version-history":[{"count":1,"href":"https:\/\/svatebnitrh.cz\/blog\/wp-json\/wp\/v2\/posts\/710\/revisions"}],"predecessor-version":[{"id":711,"href":"https:\/\/svatebnitrh.cz\/blog\/wp-json\/wp\/v2\/posts\/710\/revisions\/711"}],"wp:attachment":[{"href":"https:\/\/svatebnitrh.cz\/blog\/wp-json\/wp\/v2\/media?parent=710"}],"wp:term":[{"taxonomy":"category","embeddable":true,"href":"https:\/\/svatebnitrh.cz\/blog\/wp-json\/wp\/v2\/categories?post=710"},{"taxonomy":"post_tag","embeddable":true,"href":"https:\/\/svatebnitrh.cz\/blog\/wp-json\/wp\/v2\/tags?post=710"}],"curies":[{"name":"wp","href":"https:\/\/api.w.org\/{rel}","templated":true}]}}